{"id":165,"date":"2015-04-02T16:48:16","date_gmt":"2015-04-02T15:48:16","guid":{"rendered":"http:\/\/concordiagefle.se\/?p=165"},"modified":"2015-04-02T16:48:16","modified_gmt":"2015-04-02T15:48:16","slug":"bastu-och-samlingslokal-invigd","status":"publish","type":"post","link":"http:\/\/concordiagefle.se\/?p=165","title":{"rendered":"Bastu och samlingslokal invigd!"},"content":{"rendered":"<p><img loading=\"lazy\" decoding=\"async\" class=\"alignleft wp-image-167 size-medium\" src=\"http:\/\/concordiagefle.se\/wp-content\/uploads\/2015\/04\/IMG_0088-e1427989593117-225x300.jpg\" alt=\"IMG_0088\" width=\"225\" height=\"300\" srcset=\"http:\/\/concordiagefle.se\/wp-content\/uploads\/2015\/04\/IMG_0088-e1427989593117-225x300.jpg 225w, http:\/\/concordiagefle.se\/wp-content\/uploads\/2015\/04\/IMG_0088-e1427989593117-768x1024.jpg 768w\" sizes=\"auto, (max-width: 225px) 100vw, 225px\" \/>\u00c4ntligen \u00e4r arbetet med v\u00e5r samlingslokal och bastu genomf\u00f6rt och vi kan nu b\u00f6rja nyttja utrymmet som s\u00e5 l\u00e4nge st\u00e5tt tomt. Stort tack till alla er som gjort detta m\u00f6jligt! F\u00f6r er som inte varit med och hj\u00e4lpt till i arbetet men \u00e4nd\u00e5 vill ta del av bastun m\u00e5ste kontakta styrelsen f\u00f6r mer information, d\u00e5 separat nyckel kr\u00e4vs f\u00f6r att komma in.<\/p>\n<p>&nbsp;<\/p>\n<p>&nbsp;<\/p>\n<p>&nbsp;<\/p>\n<p>&nbsp;<\/p>\n<p>&nbsp;<\/p>\n<p>&nbsp;<\/p>\n<p><a href=\"http:\/\/concordiagefle.se\/wp-content\/uploads\/2015\/04\/bastu1.jpg\"><img loading=\"lazy\" decoding=\"async\" class=\" size-medium wp-image-166 alignnone\" src=\"http:\/\/concordiagefle.se\/wp-content\/uploads\/2015\/04\/bastu1-300x225.jpg\" alt=\"bastu1\" width=\"300\" height=\"225\" srcset=\"http:\/\/concordiagefle.se\/wp-content\/uploads\/2015\/04\/bastu1-300x225.jpg 300w, http:\/\/concordiagefle.se\/wp-content\/uploads\/2015\/04\/bastu1.jpg 1016w\" sizes=\"auto, (max-width: 300px) 100vw, 300px\" \/><\/a><\/p>\n<p>&nbsp;<\/p>\n<p>&nbsp;<\/p>\n<p>&nbsp;<\/p>\n","protected":false},"excerpt":{"rendered":"<p>\u00c4ntligen \u00e4r arbetet med v\u00e5r samlingslokal och bastu genomf\u00f6rt och vi kan nu b\u00f6rja nyttja utrymmet som s\u00e5 l\u00e4nge st\u00e5tt tomt. Stort tack till alla er som gjort detta m\u00f6jligt! F\u00f6r er som inte varit med och hj\u00e4lpt till i arbetet men \u00e4nd\u00e5 vill ta del av bastun m\u00e5ste kontakta&#8230;<\/p>\n","protected":false},"author":1,"featured_media":0,"comment_status":"closed","ping_status":"open","sticky":false,"template":"","format":"standard","meta":{"ngg_post_thumbnail":0,"jetpack_post_was_ever_published":false,"_jetpack_newsletter_access":"","_jetpack_dont_email_post_to_subs":false,"_jetpack_newsletter_tier_id":0,"_jetpack_memberships_contains_paywalled_content":false,"_jetpack_memberships_contains_paid_content":false,"footnotes":"","jetpack_publicize_message":"","jetpack_publicize_feature_enabled":true,"jetpack_social_post_already_shared":true,"jetpack_social_options":{"image_generator_settings":{"template":"highway","default_image_id":0,"font":"","enabled":false},"version":2}},"categories":[11,3],"tags":[],"class_list":["post-165","post","type-post","status-publish","format-standard","hentry","category-gemensamma-ytor","category-information"],"jetpack_publicize_connections":[],"jetpack_featured_media_url":"","jetpack_shortlink":"https:\/\/wp.me\/p4U8Nu-2F","jetpack_sharing_enabled":true,"_links":{"self":[{"href":"http:\/\/concordiagefle.se\/index.php?rest_route=\/wp\/v2\/posts\/165","targetHints":{"allow":["GET"]}}],"collection":[{"href":"http:\/\/concordiagefle.se\/index.php?rest_route=\/wp\/v2\/posts"}],"about":[{"href":"http:\/\/concordiagefle.se\/index.php?rest_route=\/wp\/v2\/types\/post"}],"author":[{"embeddable":true,"href":"http:\/\/concordiagefle.se\/index.php?rest_route=\/wp\/v2\/users\/1"}],"replies":[{"embeddable":true,"href":"http:\/\/concordiagefle.se\/index.php?rest_route=%2Fwp%2Fv2%2Fcomments&post=165"}],"version-history":[{"count":4,"href":"http:\/\/concordiagefle.se\/index.php?rest_route=\/wp\/v2\/posts\/165\/revisions"}],"predecessor-version":[{"id":171,"href":"http:\/\/concordiagefle.se\/index.php?rest_route=\/wp\/v2\/posts\/165\/revisions\/171"}],"wp:attachment":[{"href":"http:\/\/concordiagefle.se\/index.php?rest_route=%2Fwp%2Fv2%2Fmedia&parent=165"}],"wp:term":[{"taxonomy":"category","embeddable":true,"href":"http:\/\/concordiagefle.se\/index.php?rest_route=%2Fwp%2Fv2%2Fcategories&post=165"},{"taxonomy":"post_tag","embeddable":true,"href":"http:\/\/concordiagefle.se\/index.php?rest_route=%2Fwp%2Fv2%2Ftags&post=165"}],"curies":[{"name":"wp","href":"https:\/\/api.w.org\/{rel}","templated":true}]}}